{"id":7466,"date":"2021-04-26T16:28:14","date_gmt":"2021-04-26T20:28:14","guid":{"rendered":"https:\/\/techlinkfrench.mynetworkcontent.com\/?p=7466"},"modified":"2021-05-26T17:13:36","modified_gmt":"2021-05-26T21:13:36","slug":"perte-de-la-memoire-de-moteur-de-vitre","status":"publish","type":"post","link":"https:\/\/gm-techlinkfrench.com\/?p=7466","title":{"rendered":"Perte de la m\u00e9moire de moteur de vitre"},"content":{"rendered":"<p>Les vitres avant peuvent s&#8217;ouvrir suffisamment pour provoquer des bruits de vent sur certains mod\u00e8les Equinox et Terrain 2018-2021. Apr\u00e8s avoir conduit le v\u00e9hicule alors que le volume du syst\u00e8me d&#8217;infodivertissement est \u00e9lev\u00e9 ou que de la musique avec un niveau de basses \u00e9lev\u00e9 a \u00e9t\u00e9 \u00e9cout\u00e9e, les vitres peuvent s&#8217;abaisser d&#8217;environ 1\/4 de pouce (6 mm) ou plus. Le message Ouvrir puis fermer la vitre du conducteur peut \u00e9galement s&#8217;afficher sur le centralisateur informatique de bord.<\/p>\n<p>La vitre peut s&#8217;abaisser en raison de la perte de m\u00e9moire du moteur de vitre due aux vibrations du haut-parleur. Cela peut se produire en cas de volume \u00e9lev\u00e9 ou de niveau de basses \u00e9lev\u00e9. En pr\u00e9sence de ce probl\u00e8me, placer de la mousse entre le moteur de vitre et le panneau int\u00e9rieur de porte pour amortir toute vibration\/r\u00e9sonance du moteur. (Fig. 13) Comme le montre l&#8217;illustration, la mousse se trouve \u00e0 l&#8217;emplacement correct par rapport au carter du moteur ; toutefois, pour la r\u00e9paration, la mousse sera appliqu\u00e9e sur le panneau int\u00e9rieur de porte et non sur le carter du moteur.<\/p>\n<p>&nbsp;<\/p>\n<p style=\"text-align: center;\"><strong><img loading=\"lazy\" decoding=\"async\" class=\"aligncenter size-full wp-image-14656\" src=\"https:\/\/gm-techlink.com\/wp-content\/uploads\/2021\/04\/F13-window-1-1.png\" sizes=\"auto, (max-width: 740px) 100vw, 740px\" srcset=\"https:\/\/gm-techlink.com\/wp-content\/uploads\/2021\/04\/F13-window-1-1.png 740w, https:\/\/gm-techlink.com\/wp-content\/uploads\/2021\/04\/F13-window-1-1-300x194.png 300w, https:\/\/gm-techlink.com\/wp-content\/uploads\/2021\/04\/F13-window-1-1-85x55.png 85w, https:\/\/gm-techlink.com\/wp-content\/uploads\/2021\/04\/F13-window-1-1-200x130.png 200w\" alt=\"\" width=\"740\" height=\"479\" \/>Fig. 13<\/strong><\/p>\n<p>&nbsp;<\/p>\n<p>Pour effectuer la r\u00e9paration, d\u00e9poser le panneau de garniture de la porte avant et d\u00e9placer le d\u00e9flecteur d&#8217;eau afin d&#8217;acc\u00e9der au carter du moteur de vitre. Utiliser un bloc de mousse \u00e9pais, \u00e0 envers adh\u00e9sif, d&#8217;1 pouce carr\u00e9 (25 mm) et d&#8217;une profondeur d&#8217;1\/2 pouce (12 mm).<\/p>\n<p>La mousse (Fig. 14, n\u00b0\u00a01) doit \u00eatre coll\u00e9e \u00e0 l&#8217;int\u00e9rieur du panneau int\u00e9rieur de porte (Fig. 14, n\u00b0\u00a02) et mont\u00e9e entre l&#8217;extr\u00e9mit\u00e9 du carter du moteur (Fig. 14, n\u00b0\u00a03) et le panneau de porte.<\/p>\n<p>&nbsp;<\/p>\n<p style=\"text-align: center;\"><img loading=\"lazy\" decoding=\"async\" class=\"aligncenter size-full wp-image-14628\" src=\"https:\/\/gm-techlink.com\/wp-content\/uploads\/2021\/04\/F14-window-2.png\" sizes=\"auto, (max-width: 740px) 100vw, 740px\" srcset=\"https:\/\/gm-techlink.com\/wp-content\/uploads\/2021\/04\/F14-window-2.png 740w, https:\/\/gm-techlink.com\/wp-content\/uploads\/2021\/04\/F14-window-2-300x195.png 300w, https:\/\/gm-techlink.com\/wp-content\/uploads\/2021\/04\/F14-window-2-85x55.png 85w, https:\/\/gm-techlink.com\/wp-content\/uploads\/2021\/04\/F14-window-2-200x130.png 200w\" alt=\"\" width=\"740\" height=\"480\" \/><strong>Fig. 14<\/strong><\/p>\n<p>&nbsp;<\/p>\n<p>Lors de la repose du d\u00e9flecteur d&#8217;eau, s&#8217;assurer que les localisateurs int\u00e9gr\u00e9s sont correctement install\u00e9s et que le d\u00e9flecteur d&#8217;eau est fix\u00e9 et \u00e9tanche.<\/p>\n<p>Apr\u00e8s la pose du panneau de garniture de la porte avant, effectuer la proc\u00e9dure de normalisation du moteur de vitre. Se reporter \u00e0 Programmation du moteur de vitre \u2013 Fonction rapide dans les informations d&#8217;entretien appropri\u00e9es. Apr\u00e8s avoir d\u00e9connect\u00e9 le moteur de vitre ou le faisceau de porte, le moteur de vitre doit \u00eatre normalis\u00e9 ou il risque de ne plus assurer la fonction de remont\u00e9e rapide ou de ne pas s&#8217;indexer lorsque la porte est ferm\u00e9e.<\/p>\n<p>Pour plus de renseignements et d&#8217;informations sur les pi\u00e8ces, se reporter au bulletin n\u00b0 21-NA-046.<\/p>\n<p>&nbsp;<\/p>\n<p><em>&#8211; Merci \u00e0 Rob Smith<\/em><\/p>\n","protected":false},"excerpt":{"rendered":"<p>Les vitres avant peuvent s&#8217;ouvrir suffisamment pour provoquer des bruits de vent sur certains mod\u00e8les Equinox et Terrain 2018-2021. Apr\u00e8s avoir conduit le v\u00e9hicule alors que le volume du syst\u00e8me [&hellip;]<\/p>\n","protected":false},"author":1,"featured_media":0,"comment_status":"closed","ping_status":"closed","sticky":false,"template":"","format":"standard","meta":{"footnotes":""},"categories":[37],"tags":[],"class_list":["post-7466","post","type-post","status-publish","format-standard","hentry","category-2021-april"],"_links":{"self":[{"href":"https:\/\/gm-techlinkfrench.com\/index.php?rest_route=\/wp\/v2\/posts\/7466","targetHints":{"allow":["GET"]}}],"collection":[{"href":"https:\/\/gm-techlinkfrench.com\/index.php?rest_route=\/wp\/v2\/posts"}],"about":[{"href":"https:\/\/gm-techlinkfrench.com\/index.php?rest_route=\/wp\/v2\/types\/post"}],"author":[{"embeddable":true,"href":"https:\/\/gm-techlinkfrench.com\/index.php?rest_route=\/wp\/v2\/users\/1"}],"replies":[{"embeddable":true,"href":"https:\/\/gm-techlinkfrench.com\/index.php?rest_route=%2Fwp%2Fv2%2Fcomments&post=7466"}],"version-history":[{"count":1,"href":"https:\/\/gm-techlinkfrench.com\/index.php?rest_route=\/wp\/v2\/posts\/7466\/revisions"}],"predecessor-version":[{"id":7467,"href":"https:\/\/gm-techlinkfrench.com\/index.php?rest_route=\/wp\/v2\/posts\/7466\/revisions\/7467"}],"wp:attachment":[{"href":"https:\/\/gm-techlinkfrench.com\/index.php?rest_route=%2Fwp%2Fv2%2Fmedia&parent=7466"}],"wp:term":[{"taxonomy":"category","embeddable":true,"href":"https:\/\/gm-techlinkfrench.com\/index.php?rest_route=%2Fwp%2Fv2%2Fcategories&post=7466"},{"taxonomy":"post_tag","embeddable":true,"href":"https:\/\/gm-techlinkfrench.com\/index.php?rest_route=%2Fwp%2Fv2%2Ftags&post=7466"}],"curies":[{"name":"wp","href":"https:\/\/api.w.org\/{rel}","templated":true}]}}